{"id":809,"date":"2023-07-27T22:31:35","date_gmt":"2023-07-27T20:31:35","guid":{"rendered":"https:\/\/hrvatskipravasi.hr\/wp\/?p=809"},"modified":"2023-07-27T22:31:35","modified_gmt":"2023-07-27T20:31:35","slug":"uhicen-sam-i-izbacen-iz-srba-dodite-danas-u-18-sati-i-sprijecite-cetnicki-dernek","status":"publish","type":"post","link":"https:\/\/hrvatskipravasi.hr\/wp\/2023\/07\/27\/uhicen-sam-i-izbacen-iz-srba-dodite-danas-u-18-sati-i-sprijecite-cetnicki-dernek\/","title":{"rendered":"Uhi\u0107en sam i izba\u010den iz Srba&#8230; Do\u0111ite danas u 18 sati i sprije\u010dite \u010detni\u010dki dernek&#8230;"},"content":{"rendered":"<p><iframe loading=\"lazy\" src=\"\/\/www.youtube.com\/embed\/uMg178hNsRE?t=31s\" width=\"560\" height=\"314\" allowfullscreen=\"allowfullscreen\"><\/iframe><\/p>\n","protected":false},"excerpt":{"rendered":"","protected":false},"author":3,"featured_media":0,"comment_status":"open","ping_status":"open","sticky":false,"template":"","format":"standard","meta":{"footnotes":""},"categories":[2],"tags":[],"class_list":["post-809","post","type-post","status-publish","format-standard","hentry","category-naslovnica"],"_links":{"self":[{"href":"https:\/\/hrvatskipravasi.hr\/wp\/wp-json\/wp\/v2\/posts\/809","targetHints":{"allow":["GET"]}}],"collection":[{"href":"https:\/\/hrvatskipravasi.hr\/wp\/wp-json\/wp\/v2\/posts"}],"about":[{"href":"https:\/\/hrvatskipravasi.hr\/wp\/wp-json\/wp\/v2\/types\/post"}],"author":[{"embeddable":true,"href":"https:\/\/hrvatskipravasi.hr\/wp\/wp-json\/wp\/v2\/users\/3"}],"replies":[{"embeddable":true,"href":"https:\/\/hrvatskipravasi.hr\/wp\/wp-json\/wp\/v2\/comments?post=809"}],"version-history":[{"count":1,"href":"https:\/\/hrvatskipravasi.hr\/wp\/wp-json\/wp\/v2\/posts\/809\/revisions"}],"predecessor-version":[{"id":810,"href":"https:\/\/hrvatskipravasi.hr\/wp\/wp-json\/wp\/v2\/posts\/809\/revisions\/810"}],"wp:attachment":[{"href":"https:\/\/hrvatskipravasi.hr\/wp\/wp-json\/wp\/v2\/media?parent=809"}],"wp:term":[{"taxonomy":"category","embeddable":true,"href":"https:\/\/hrvatskipravasi.hr\/wp\/wp-json\/wp\/v2\/categories?post=809"},{"taxonomy":"post_tag","embeddable":true,"href":"https:\/\/hrvatskipravasi.hr\/wp\/wp-json\/wp\/v2\/tags?post=809"}],"curies":[{"name":"wp","href":"https:\/\/api.w.org\/{rel}","templated":true}]}}