{"id":680,"date":"2023-07-06T12:50:33","date_gmt":"2023-07-06T10:50:33","guid":{"rendered":"https:\/\/hrvatskipravasi.hr\/wp\/?p=680"},"modified":"2023-07-06T12:50:33","modified_gmt":"2023-07-06T10:50:33","slug":"trazim-ime-i-prezime-policijskog-djelatnika-koji-je-napisao-da-cu-se-ubiti-u-moj-policijski-dosje","status":"publish","type":"post","link":"https:\/\/hrvatskipravasi.hr\/wp\/2023\/07\/06\/trazim-ime-i-prezime-policijskog-djelatnika-koji-je-napisao-da-cu-se-ubiti-u-moj-policijski-dosje\/","title":{"rendered":"TRA\u017dIM IME I PREZIME POLICIJSKOG DJELATNIKA KOJI JE NAPISAO DA \u0106U SE UBITI U MOJ POLICIJSKI DOSJE&#8230;"},"content":{"rendered":"<p>&#8211;\tMINISTAR UNUTARNJIH POSLOVA DAVOR BO\u017dINOVI\u0106<br \/>\n&#8211;\tGLAVNI RAVNATELJ POLICIJE NIKOLA MILINA<br \/>\n&#8211;\tUNUTARNJA KONTROLA I NADZOR POLICIJE \u017dELJKO KRALJ<br \/>\n&#8211;\tPOLICIJSKA UPRAVA ZAGREBA\u010cKA NA\u010cELNIK MARKO RA\u0160I\u0106<br \/>\n&#8211;\tIII. POLICIJSKA POSTAJA NA\u010cELNIK DOMAGOJ GREGOROVI\u0106<\/p>\n<p>Predmet : Zahtjev da mi se iz policijskog dosjeja izbri\u0161e da sam rekao da \u0107u se ubiti, i tra\u017eim ime i prezime policijskog djelatnika koji je tu la\u017e napisao da ga mogu prijaviti Dr\u017eavnom odvjetni\u0161tvu.<\/p>\n<p>Po\u0161tovani,<br \/>\nDana 27. lipnja 2023. godine zvao sam u III. Policijsku postaju Dubrava u Zagrebu. Tra\u017eio  sam na\u010delnika postaje da mu ka\u017eem o napadima na mene i Nikolu Luki\u0107a i kako policijski djelatnici iz III. Policijske postaje do\u0111u i odu bez uvi\u0111aja ili na dolazak \u010dekamo sat i pola kada napada\u010di odu. Ispada kao da je sve dogovoreno sa napada\u010dima.<br \/>\nPolicijska djelatnica na porti pona\u0161ala se kao da je ona na\u010delnik III. Policijske postaje i osobno je rekla da me ne \u017eeli spojiti niti sa tajnicom na\u010delnika.<br \/>\nNa moje upozorenje i upornost nakon tre\u0107eg poku\u0161aja i kada sam joj rekao da snimam na\u0161e razgovore spojila me sa \u0161efom smjene koji je sa mnom razgovarao sa visokim tonovima i poklopio mi slu\u0161alici.<br \/>\nRekao je svoje prezime ali niti u snimci se dobro ne \u010duje ali kao da je rekao Devi\u0107.<br \/>\nNakon nekih sat vremena do\u0161la mi je kriminalisti\u010dka policija iz Koprivnice ku\u0107i. Tra\u017eili su da sa mnom razgovaraju ali ja sam tada bio u Zagrebu.<br \/>\nDogovorio sam da \u0107u k njima do\u0107i idu\u0107i dan jer u jutro moram sve ove nove napade prijaviti u kriminalisti\u010dkoj policiji u Heinzelevoj ulici.<br \/>\nTamo mi je policijski djelatnik iz mog dosjeja pro\u010ditao da sam ju\u010der III. Policijskoj postaji rekao da \u0107u se ubiti.<br \/>\nTO JE \u010cISTA LA\u017d !!<br \/>\nKod dolaska na kriminalisti\u010dku policiju u Koprivnici,  policijski djelatnik mi je pro\u010ditao za \u0161to su me prijavili iz III. Policijske postaje u Zagrebu.<br \/>\nPonovljeno mi je da sam rekao da \u0107u se ubiti.<br \/>\nPo\u0161to sam snimao razgovore sa III. Policijskom postajom ustanovljeno je da nisam prijetio da \u0107u se ubiti. Policijski djelatnik \u010dudio se zbog toga.<br \/>\nPonovit \u0107u da sam samo zvao na\u010delnika III. Policijske postaje u Zagrebu ,a da nisam rekao da \u0107u se ubiti.<br \/>\nPostoje snimci razgovora i mo\u017ee se lako utvrditi la\u017eem ja ili netko iz III. Policijske postaje.<br \/>\nTog trenutka razmi\u0161ljao sam da su me la\u017eno prijavili iz razloga da me poku\u0161aju odvesti na Psihijatrijski odjel. ( bilo je ve\u0107 takvih poku\u0161aja ali bezuspje\u0161nih jer ja imam pravo na svoje politi\u010dke aktivnosti u skladu sa Zakonom RH. )<br \/>\nNakon toga,  razgovarao sam sa prijateljem ( poznaje sustav )  koji mi je rekao, Dra\u017eene to ti je stavljeno da te mogu ubiti , a u tvom dosjeju ti pi\u0161e da si ti sam rekao da \u0107e\u0161 se ubiti. Na ovo hitno mora\u0161 reagirati i dati u javnost. Po\u0161to ve\u0107 ima\u0161 poku\u0161aje ubojstva, smeta\u0161 im , ubit \u0107e te , a prikazat \u0107e, ubio si se.<br \/>\nZbog toga tra\u017eim odmah da se bri\u0161e iz mog dosjeja la\u017ena prijava da \u0107u se ubiti i tra\u017eim hitno ime i prezime policijskog djelatnika iz III. Policijske postaje koji je tu la\u017e napisao.<br \/>\nTakvo osoba koja nosi policijsku odoru , a pi\u0161e la\u017ene optu\u017enice ne mo\u017ee nositi \u010dasnu policijsku odoru.<br \/>\nTra\u017eim hitam odgovor , ime i prezime policijskog djelatnika i bisanje la\u017ei iz mog dosjeja.<\/p>\n<p>06. 07. 2023.<br \/>\nNa znanje :<br \/>\n&#8211; PREDSJEDNIK VLADE RH. ANDREJ PLENKOVI\u0106<br \/>\n&#8211; PREDSJEDNIK SABORA RH. GORDAN JANDROKOVI\u0106<br \/>\n&#8211; MINISTAR BRANITELJA TOMO MEDVED<br \/>\n&#8211; DR\u017dAVNO ODVJETNI\u0160TVO RH . ZLATA HRVOJ \u2013 \u0160IPEK<br \/>\n&#8211; CIJENJENO VELEPOSLANSTVO SAD<br \/>\n&#8211; CIJENJENO VELEPOSLANSTVO NJEMA\u010cKE<\/p>\n<p>Dra\u017een Keleminec<\/p>\n","protected":false},"excerpt":{"rendered":"<p>&#8211; MINISTAR UNUTARNJIH POSLOVA DAVOR BO\u017dINOVI\u0106 &#8211; GLAVNI RAVNATELJ POLICIJE NIKOLA MILINA &#8211; UNUTARNJA KONTROLA I NADZOR POLICIJE \u017dELJKO KRALJ &#8211; POLICIJSKA UPRAVA ZAGREBA\u010cKA NA\u010cELNIK MARKO RA\u0160I\u0106 &#8211; III. POLICIJSKA POSTAJA NA\u010cELNIK DOMAGOJ GREGOROVI\u0106 Predmet : Zahtjev da mi se iz policijskog dosjeja izbri\u0161e da sam rekao da \u0107u se ubiti, i tra\u017eim ime i [&hellip;]<\/p>\n","protected":false},"author":3,"featured_media":0,"comment_status":"open","ping_status":"open","sticky":false,"template":"","format":"standard","meta":{"footnotes":""},"categories":[2],"tags":[],"class_list":["post-680","post","type-post","status-publish","format-standard","hentry","category-naslovnica"],"_links":{"self":[{"href":"https:\/\/hrvatskipravasi.hr\/wp\/wp-json\/wp\/v2\/posts\/680","targetHints":{"allow":["GET"]}}],"collection":[{"href":"https:\/\/hrvatskipravasi.hr\/wp\/wp-json\/wp\/v2\/posts"}],"about":[{"href":"https:\/\/hrvatskipravasi.hr\/wp\/wp-json\/wp\/v2\/types\/post"}],"author":[{"embeddable":true,"href":"https:\/\/hrvatskipravasi.hr\/wp\/wp-json\/wp\/v2\/users\/3"}],"replies":[{"embeddable":true,"href":"https:\/\/hrvatskipravasi.hr\/wp\/wp-json\/wp\/v2\/comments?post=680"}],"version-history":[{"count":1,"href":"https:\/\/hrvatskipravasi.hr\/wp\/wp-json\/wp\/v2\/posts\/680\/revisions"}],"predecessor-version":[{"id":681,"href":"https:\/\/hrvatskipravasi.hr\/wp\/wp-json\/wp\/v2\/posts\/680\/revisions\/681"}],"wp:attachment":[{"href":"https:\/\/hrvatskipravasi.hr\/wp\/wp-json\/wp\/v2\/media?parent=680"}],"wp:term":[{"taxonomy":"category","embeddable":true,"href":"https:\/\/hrvatskipravasi.hr\/wp\/wp-json\/wp\/v2\/categories?post=680"},{"taxonomy":"post_tag","embeddable":true,"href":"https:\/\/hrvatskipravasi.hr\/wp\/wp-json\/wp\/v2\/tags?post=680"}],"curies":[{"name":"wp","href":"https:\/\/api.w.org\/{rel}","templated":true}]}}