{"id":2471,"date":"2025-11-29T00:16:06","date_gmt":"2025-11-28T22:16:06","guid":{"rendered":"https:\/\/hrvatskipravasi.hr\/wp\/?p=2471"},"modified":"2025-11-29T00:16:06","modified_gmt":"2025-11-28T22:16:06","slug":"teroristicka-organizacija-antifa-rusi-hrvatsku-a-nase-sluzbe-i-vlast-suti","status":"publish","type":"post","link":"https:\/\/hrvatskipravasi.hr\/wp\/2025\/11\/29\/teroristicka-organizacija-antifa-rusi-hrvatsku-a-nase-sluzbe-i-vlast-suti\/","title":{"rendered":"Teroristi\u010dka organizacija Antifa ru\u0161i Hrvatsku , a na\u0161e slu\u017ebe i vlast \u0161uti !"},"content":{"rendered":"<p><iframe loading=\"lazy\" src=\"\/\/www.youtube.com\/embed\/Lg4bOotfp5s?t=23s\" width=\"560\" height=\"314\" allowfullscreen=\"allowfullscreen\"><\/iframe><\/p>\n","protected":false},"excerpt":{"rendered":"","protected":false},"author":3,"featured_media":0,"comment_status":"open","ping_status":"open","sticky":false,"template":"","format":"standard","meta":{"footnotes":""},"categories":[2],"tags":[],"class_list":["post-2471","post","type-post","status-publish","format-standard","hentry","category-naslovnica"],"_links":{"self":[{"href":"https:\/\/hrvatskipravasi.hr\/wp\/wp-json\/wp\/v2\/posts\/2471","targetHints":{"allow":["GET"]}}],"collection":[{"href":"https:\/\/hrvatskipravasi.hr\/wp\/wp-json\/wp\/v2\/posts"}],"about":[{"href":"https:\/\/hrvatskipravasi.hr\/wp\/wp-json\/wp\/v2\/types\/post"}],"author":[{"embeddable":true,"href":"https:\/\/hrvatskipravasi.hr\/wp\/wp-json\/wp\/v2\/users\/3"}],"replies":[{"embeddable":true,"href":"https:\/\/hrvatskipravasi.hr\/wp\/wp-json\/wp\/v2\/comments?post=2471"}],"version-history":[{"count":2,"href":"https:\/\/hrvatskipravasi.hr\/wp\/wp-json\/wp\/v2\/posts\/2471\/revisions"}],"predecessor-version":[{"id":2473,"href":"https:\/\/hrvatskipravasi.hr\/wp\/wp-json\/wp\/v2\/posts\/2471\/revisions\/2473"}],"wp:attachment":[{"href":"https:\/\/hrvatskipravasi.hr\/wp\/wp-json\/wp\/v2\/media?parent=2471"}],"wp:term":[{"taxonomy":"category","embeddable":true,"href":"https:\/\/hrvatskipravasi.hr\/wp\/wp-json\/wp\/v2\/categories?post=2471"},{"taxonomy":"post_tag","embeddable":true,"href":"https:\/\/hrvatskipravasi.hr\/wp\/wp-json\/wp\/v2\/tags?post=2471"}],"curies":[{"name":"wp","href":"https:\/\/api.w.org\/{rel}","templated":true}]}}