{"id":2380,"date":"2025-10-28T12:02:34","date_gmt":"2025-10-28T10:02:34","guid":{"rendered":"https:\/\/hrvatskipravasi.hr\/wp\/?p=2380"},"modified":"2025-10-28T12:02:34","modified_gmt":"2025-10-28T10:02:34","slug":"marijan-pavlicek-iz-suverenista-priznao-da-zeli-sudjelovati-u-vlasti-sa-plenkovicem-i-hdz-om","status":"publish","type":"post","link":"https:\/\/hrvatskipravasi.hr\/wp\/2025\/10\/28\/marijan-pavlicek-iz-suverenista-priznao-da-zeli-sudjelovati-u-vlasti-sa-plenkovicem-i-hdz-om\/","title":{"rendered":"Marijan Pavli\u010dek iz Suverenista priznao da \u017eeli sudjelovati u vlasti sa Plenkovi\u0107em i HDZ-om."},"content":{"rendered":"<p><iframe loading=\"lazy\" src=\"\/\/www.youtube.com\/embed\/Fi8S23w5vQM?t=11s\" width=\"560\" height=\"314\" allowfullscreen=\"allowfullscreen\"><\/iframe><\/p>\n","protected":false},"excerpt":{"rendered":"","protected":false},"author":3,"featured_media":0,"comment_status":"open","ping_status":"open","sticky":false,"template":"","format":"standard","meta":{"footnotes":""},"categories":[2],"tags":[],"class_list":["post-2380","post","type-post","status-publish","format-standard","hentry","category-naslovnica"],"_links":{"self":[{"href":"https:\/\/hrvatskipravasi.hr\/wp\/wp-json\/wp\/v2\/posts\/2380","targetHints":{"allow":["GET"]}}],"collection":[{"href":"https:\/\/hrvatskipravasi.hr\/wp\/wp-json\/wp\/v2\/posts"}],"about":[{"href":"https:\/\/hrvatskipravasi.hr\/wp\/wp-json\/wp\/v2\/types\/post"}],"author":[{"embeddable":true,"href":"https:\/\/hrvatskipravasi.hr\/wp\/wp-json\/wp\/v2\/users\/3"}],"replies":[{"embeddable":true,"href":"https:\/\/hrvatskipravasi.hr\/wp\/wp-json\/wp\/v2\/comments?post=2380"}],"version-history":[{"count":1,"href":"https:\/\/hrvatskipravasi.hr\/wp\/wp-json\/wp\/v2\/posts\/2380\/revisions"}],"predecessor-version":[{"id":2381,"href":"https:\/\/hrvatskipravasi.hr\/wp\/wp-json\/wp\/v2\/posts\/2380\/revisions\/2381"}],"wp:attachment":[{"href":"https:\/\/hrvatskipravasi.hr\/wp\/wp-json\/wp\/v2\/media?parent=2380"}],"wp:term":[{"taxonomy":"category","embeddable":true,"href":"https:\/\/hrvatskipravasi.hr\/wp\/wp-json\/wp\/v2\/categories?post=2380"},{"taxonomy":"post_tag","embeddable":true,"href":"https:\/\/hrvatskipravasi.hr\/wp\/wp-json\/wp\/v2\/tags?post=2380"}],"curies":[{"name":"wp","href":"https:\/\/api.w.org\/{rel}","templated":true}]}}