{"id":2248,"date":"2025-09-07T11:58:47","date_gmt":"2025-09-07T09:58:47","guid":{"rendered":"https:\/\/hrvatskipravasi.hr\/wp\/?p=2248"},"modified":"2025-09-07T11:58:47","modified_gmt":"2025-09-07T09:58:47","slug":"aco-stankovic-htv-keleminec-je-fasista-i-fasisti-ne-mogu-na-htv","status":"publish","type":"post","link":"https:\/\/hrvatskipravasi.hr\/wp\/2025\/09\/07\/aco-stankovic-htv-keleminec-je-fasista-i-fasisti-ne-mogu-na-htv\/","title":{"rendered":"Aco Stankovi\u0107 HTV : Keleminec je fa\u0161ista i fa\u0161isti ne mogu na HTV !"},"content":{"rendered":"<p><iframe loading=\"lazy\" src=\"\/\/www.youtube.com\/embed\/IOloSb9zyZw\" width=\"560\" height=\"314\" allowfullscreen=\"allowfullscreen\"><\/iframe><\/p>\n","protected":false},"excerpt":{"rendered":"","protected":false},"author":3,"featured_media":0,"comment_status":"open","ping_status":"open","sticky":false,"template":"","format":"standard","meta":{"footnotes":""},"categories":[2],"tags":[],"class_list":["post-2248","post","type-post","status-publish","format-standard","hentry","category-naslovnica"],"_links":{"self":[{"href":"https:\/\/hrvatskipravasi.hr\/wp\/wp-json\/wp\/v2\/posts\/2248","targetHints":{"allow":["GET"]}}],"collection":[{"href":"https:\/\/hrvatskipravasi.hr\/wp\/wp-json\/wp\/v2\/posts"}],"about":[{"href":"https:\/\/hrvatskipravasi.hr\/wp\/wp-json\/wp\/v2\/types\/post"}],"author":[{"embeddable":true,"href":"https:\/\/hrvatskipravasi.hr\/wp\/wp-json\/wp\/v2\/users\/3"}],"replies":[{"embeddable":true,"href":"https:\/\/hrvatskipravasi.hr\/wp\/wp-json\/wp\/v2\/comments?post=2248"}],"version-history":[{"count":1,"href":"https:\/\/hrvatskipravasi.hr\/wp\/wp-json\/wp\/v2\/posts\/2248\/revisions"}],"predecessor-version":[{"id":2249,"href":"https:\/\/hrvatskipravasi.hr\/wp\/wp-json\/wp\/v2\/posts\/2248\/revisions\/2249"}],"wp:attachment":[{"href":"https:\/\/hrvatskipravasi.hr\/wp\/wp-json\/wp\/v2\/media?parent=2248"}],"wp:term":[{"taxonomy":"category","embeddable":true,"href":"https:\/\/hrvatskipravasi.hr\/wp\/wp-json\/wp\/v2\/categories?post=2248"},{"taxonomy":"post_tag","embeddable":true,"href":"https:\/\/hrvatskipravasi.hr\/wp\/wp-json\/wp\/v2\/tags?post=2248"}],"curies":[{"name":"wp","href":"https:\/\/api.w.org\/{rel}","templated":true}]}}